{"id":1324,"date":"2023-07-10T14:00:59","date_gmt":"2023-07-10T17:00:59","guid":{"rendered":"https:\/\/aldeiaestreladamanha.com.br\/?p=1324"},"modified":"2024-01-10T14:00:38","modified_gmt":"2024-01-10T17:00:38","slug":"mes-de-nana","status":"publish","type":"post","link":"https:\/\/aldeiaestreladamanha.com.br\/index.php\/2023\/07\/10\/mes-de-nana\/","title":{"rendered":"M\u00eas de Nan\u00e3"},"content":{"rendered":"\t\t<div data-elementor-type=\"wp-post\" data-elementor-id=\"1324\" class=\"elementor elementor-1324\">\n\t\t\t\t\t\t<section class=\"has_ae_slider elementor-section elementor-top-section elementor-element elementor-element-8a07cdb elementor-section-boxed elementor-section-height-default elementor-section-height-default ae-bg-gallery-type-default\" data-id=\"8a07cdb\" data-element_type=\"section\">\n\t\t\t\t\t\t<div class=\"elementor-container elementor-column-gap-default\">\n\t\t\t\t\t<div class=\"has_ae_slider elementor-column elementor-col-100 elementor-top-column elementor-element elementor-element-2cf86d6 ae-bg-gallery-type-default\" data-id=\"2cf86d6\" data-element_type=\"column\">\n\t\t\t<div class=\"elementor-widget-wrap elementor-element-populated\">\n\t\t\t\t\t\t<div class=\"elementor-element elementor-element-96cf32d elementor-widget elementor-widget-text-editor\" data-id=\"96cf32d\" data-element_type=\"widget\" data-widget_type=\"text-editor.default\">\n\t\t\t\t<div class=\"elementor-widget-container\">\n\t\t\t\t\t\t\t\t\t<p>Nan\u00e3, a deusa dos mist\u00e9rios, \u00e9 uma divindade de origem simult\u00e2nea \u00e0 cria\u00e7\u00e3o do mundo, pois quando Odudua separou a \u00e1gua parada, que j\u00e1 existia, e liberou do \u201csaco da cria\u00e7\u00e3o\u201d a terra, no ponto de contacto desses dois elementos formou-se a lama dos p\u00e2ntanos, local onde se encontram os maiores fundamentos de Nana.<\/p><p>Senhora de muitos b\u00fazios, Nana sintetiza em si morte, fecundidade e riqueza. O seu nome designa pessoas idosas e respeit\u00e1veis e, para os povos Jeje, da regi\u00e3o do antigo Daom\u00e9, significa \u201cm\u00e3e\u201d. Nessa regi\u00e3o, onde hoje se encontra a Rep\u00fablica do Benin, Nana \u00e9 muitas vezes considerada a divindade suprema e talvez por essa raz\u00e3o seja frequentemente descrita como um orix\u00e1 masculino.<\/p><p>Sendo a mais antiga das divindades das \u00e1guas, ela representa a mem\u00f3ria ancestral do nosso povo: \u00e9 a m\u00e3e antiga (Iy\u00e1 Agb\u00e0) por excel\u00eancia. \u00c9 m\u00e3e dos orix\u00e1s Iroko, Obaluai\u00ea e Oxumar\u00e9, mas por ser a deusa mais velha do candombl\u00e9 \u00e9 respeitada como m\u00e3e por todos os outros orix\u00e1s.<\/p><p>A vida est\u00e1 cercada de mist\u00e9rios que ao longo da Hist\u00f3ria atormentam o ser humano. Por\u00e9m, quando ainda na Pr\u00e9-Hist\u00f3ria, o homem se viu diante do mist\u00e9rio da morte, em seu \u00e2mago irrompeu um sentimento amb\u00edguo. Os mitos aliviavam essa dor e a raz\u00e3o apontava para aquilo que era certo no seu destino.<\/p><p>A morte faz surgir no homem os primeiros sentimentos religiosos, e nesse momento Nana faz-se compreender, pois nos prim\u00f3rdios da Hist\u00f3ria os mortos eram enterrados em posi\u00e7\u00e3o fetal, remetendo a uma ideia de nascimento ou renascimento. O homem primitivo entendeu que a morte e a vida caminham juntas, entendeu os mist\u00e9rios de Nana.<\/p><p>Nana \u00e9 o princ\u00edpio, o meio e o fim; o nascimento, a vida e a morte.<\/p><p>Ela \u00e9 a origem e o poder. Entender Nana \u00e9 entender o destino, a vida e a traject\u00f3ria do homem sobre a terra, pois Nana \u00e9 a Hist\u00f3ria. Nana \u00e9 \u00e1gua parada, \u00e1gua da vida e da morte.<\/p><p>Nana \u00e9 o come\u00e7o porque Nan\u00e3 \u00e9 o barro e o barro \u00e9 a vida. Nana \u00e9 a dona do ax\u00e9 por ser o orix\u00e1 que d\u00e1 a vida e a sobreviv\u00eancia, a senhora dos ib\u00e1s que permite o nascimento dos deuses e dos homens.<\/p><p>Nana pode ser a lembran\u00e7a angustiante da morte na vida do ser humano, mas apenas para aqueles que encaram esse final como algo negativo, como um fardo extremamente pesado que todo o ser carrega desde o seu nascimento. Na verdade, apenas as pessoas que t\u00eam o cora\u00e7\u00e3o repleto de maldade e dedicam a vida a prejudicar o pr\u00f3ximo se preocupam com isso. Aqueles que praticam boas ac\u00e7\u00f5es vivem preocupados com o seu pr\u00f3prio bem, com a sua eleva\u00e7\u00e3o espiritual e desejam ao pr\u00f3ximo o mesmo que para si, s\u00f3 esperam da vida dias cada vez melhores e t\u00eam a morte como algo natural e inevit\u00e1vel. A sua certeza \u00e9 a imortalidade da sua ess\u00eancia.<\/p><p>Nana, a m\u00e3e maior, \u00e9 a luz que nos guia, o nosso quotidiano. Conhecer a pr\u00f3pria vida e o pr\u00f3prio destino \u00e9 conhecer Nana, pois os fundamentos dos orix\u00e1s e do Candombl\u00e9 est\u00e3o ligados \u00e0 vida. A nossa vida \u00e9 o nosso orix\u00e1.<\/p><p>\u00c9 na morte, condi\u00e7\u00e3o para o renascimento e para a fecundidade, que se encontram os mist\u00e9rios de Nana. Respeitada e temida, Nana, deusa das chuvas, da lama, da terra, ju\u00edza que castiga os homens faltosos, \u00e9 a morte na ess\u00eancia da vida.<\/p>\t\t\t\t\t\t\t\t<\/div>\n\t\t\t\t<\/div>\n\t\t\t\t\t<\/div>\n\t\t<\/div>\n\t\t\t\t\t<\/div>\n\t\t<\/section>\n\t\t\t\t<\/div>\n\t\t","protected":false},"excerpt":{"rendered":"<p>Nan\u00e3, a deusa dos mist\u00e9rios, \u00e9 uma divindade de origem simult\u00e2nea \u00e0 cria\u00e7\u00e3o do mundo, pois quando Odudua separou a \u00e1gua parada, que j\u00e1 existia, e<span class=\"excerpt-hellip\"> [\u2026]<\/span><\/p>\n","protected":false},"author":1,"featured_media":1325,"comment_status":"open","ping_status":"open","sticky":false,"template":"","format":"standard","meta":{"footnotes":""},"categories":[11],"tags":[],"class_list":["post-1324","post","type-post","status-publish","format-standard","has-post-thumbnail","hentry","category-orixas"],"_links":{"self":[{"href":"https:\/\/aldeiaestreladamanha.com.br\/index.php\/wp-json\/wp\/v2\/posts\/1324","targetHints":{"allow":["GET"]}}],"collection":[{"href":"https:\/\/aldeiaestreladamanha.com.br\/index.php\/wp-json\/wp\/v2\/posts"}],"about":[{"href":"https:\/\/aldeiaestreladamanha.com.br\/index.php\/wp-json\/wp\/v2\/types\/post"}],"author":[{"embeddable":true,"href":"https:\/\/aldeiaestreladamanha.com.br\/index.php\/wp-json\/wp\/v2\/users\/1"}],"replies":[{"embeddable":true,"href":"https:\/\/aldeiaestreladamanha.com.br\/index.php\/wp-json\/wp\/v2\/comments?post=1324"}],"version-history":[{"count":5,"href":"https:\/\/aldeiaestreladamanha.com.br\/index.php\/wp-json\/wp\/v2\/posts\/1324\/revisions"}],"predecessor-version":[{"id":1766,"href":"https:\/\/aldeiaestreladamanha.com.br\/index.php\/wp-json\/wp\/v2\/posts\/1324\/revisions\/1766"}],"wp:featuredmedia":[{"embeddable":true,"href":"https:\/\/aldeiaestreladamanha.com.br\/index.php\/wp-json\/wp\/v2\/media\/1325"}],"wp:attachment":[{"href":"https:\/\/aldeiaestreladamanha.com.br\/index.php\/wp-json\/wp\/v2\/media?parent=1324"}],"wp:term":[{"taxonomy":"category","embeddable":true,"href":"https:\/\/aldeiaestreladamanha.com.br\/index.php\/wp-json\/wp\/v2\/categories?post=1324"},{"taxonomy":"post_tag","embeddable":true,"href":"https:\/\/aldeiaestreladamanha.com.br\/index.php\/wp-json\/wp\/v2\/tags?post=1324"}],"curies":[{"name":"wp","href":"https:\/\/api.w.org\/{rel}","templated":true}]}}