{"id":1890,"date":"2024-12-03T12:20:41","date_gmt":"2024-12-03T15:20:41","guid":{"rendered":"https:\/\/aldeiaestreladamanha.com.br\/?p=1890"},"modified":"2024-12-03T12:42:32","modified_gmt":"2024-12-03T15:42:32","slug":"mes-de-iansa","status":"publish","type":"post","link":"https:\/\/aldeiaestreladamanha.com.br\/index.php\/2024\/12\/03\/mes-de-iansa\/","title":{"rendered":"M\u00eas de Ians\u00e3"},"content":{"rendered":"\t\t<div data-elementor-type=\"wp-post\" data-elementor-id=\"1890\" class=\"elementor elementor-1890\">\n\t\t\t\t\t\t<section class=\"has_ae_slider elementor-section elementor-top-section elementor-element elementor-element-8a07cdb elementor-section-boxed elementor-section-height-default elementor-section-height-default ae-bg-gallery-type-default\" data-id=\"8a07cdb\" data-element_type=\"section\">\n\t\t\t\t\t\t<div class=\"elementor-container elementor-column-gap-default\">\n\t\t\t\t\t<div class=\"has_ae_slider elementor-column elementor-col-100 elementor-top-column elementor-element elementor-element-2cf86d6 ae-bg-gallery-type-default\" data-id=\"2cf86d6\" data-element_type=\"column\">\n\t\t\t<div class=\"elementor-widget-wrap elementor-element-populated\">\n\t\t\t\t\t\t<div class=\"elementor-element elementor-element-96cf32d elementor-widget elementor-widget-text-editor\" data-id=\"96cf32d\" data-element_type=\"widget\" data-widget_type=\"text-editor.default\">\n\t\t\t\t<div class=\"elementor-widget-container\">\n\t\t\t\t\t\t\t\t\t<p>A tempestade \u00e9 o poder manifesto de Ians\u00e3, rainha dos raios, das ventanias, do tempo que se fecha sem chover.<\/p><p>Ians\u00e3 \u00e9 uma guerreira por voca\u00e7\u00e3o, sabe ir \u00e0 luta e defender o que \u00e9 seu, a batalha do dia-a-dia \u00e9 a sua felicidade. Ela sabe conquistar, seja no fervor das guerras, seja na arte do amor. Mostra o seu amor e a sua alegria contagiantes na mesma propor\u00e7\u00e3o que exterioriza a sua raiva, o seu \u00f3dio. Dessa forma, passou a identificar-se muito mais com todas as actividades relacionadas com o homem, que s\u00e3o desenvolvidas fora do lar; portanto n\u00e3o aprecia os afazeres dom\u00e9sticos, rejeitando o papel feminino tradicional. Ians\u00e3 \u00e9 a mulher que acorda de manh\u00e3, beija os filhos e sai em busca do sustento.<\/p><p>O facto de estar relacionada com fun\u00e7\u00f5es tipicamente masculinas n\u00e3o afasta Ians\u00e3 das caracter\u00edsticas pr\u00f3prias de uma mulher sensual, fogosa, ardente; ela \u00e9 extremamente feminina e o seu n\u00famero de paix\u00f5es mostra a forte atrac\u00e7\u00e3o que sente pelo sexo oposto. Ians\u00e3 (Oy\u00e1) teve muitos homens e verdadeiramente amou todos. Gra\u00e7as aos seus amores, conquistou grandes poderes e tornou-se orix\u00e1.<\/p><p>Assim, Ians\u00e3 tornou-se mulher de quase todos os orix\u00e1s. Ela \u00e9 arrebatadora, sensual e provocante, mas quando ama um homem s\u00f3 se interessa por ele, portanto \u00e9 extremamente fiel e possessiva. Todavia, a fidelidade de Ians\u00e3 n\u00e3o est\u00e1 necessariamente relacionada a um homem, mas \u00e0s suas convic\u00e7\u00f5es e aos seus sentimentos.<\/p>\t\t\t\t\t\t\t\t<\/div>\n\t\t\t\t<\/div>\n\t\t\t\t\t<\/div>\n\t\t<\/div>\n\t\t\t\t\t<\/div>\n\t\t<\/section>\n\t\t\t\t<\/div>\n\t\t","protected":false},"excerpt":{"rendered":"<p>A tempestade \u00e9 o poder manifesto de Ians\u00e3, rainha dos raios, das ventanias, do tempo que se fecha sem chover. Ians\u00e3 \u00e9 uma guerreira por voca\u00e7\u00e3o,<span class=\"excerpt-hellip\"> [\u2026]<\/span><\/p>\n","protected":false},"author":1,"featured_media":1896,"comment_status":"open","ping_status":"open","sticky":false,"template":"","format":"standard","meta":{"footnotes":""},"categories":[11],"tags":[],"class_list":["post-1890","post","type-post","status-publish","format-standard","has-post-thumbnail","hentry","category-orixas"],"_links":{"self":[{"href":"https:\/\/aldeiaestreladamanha.com.br\/index.php\/wp-json\/wp\/v2\/posts\/1890","targetHints":{"allow":["GET"]}}],"collection":[{"href":"https:\/\/aldeiaestreladamanha.com.br\/index.php\/wp-json\/wp\/v2\/posts"}],"about":[{"href":"https:\/\/aldeiaestreladamanha.com.br\/index.php\/wp-json\/wp\/v2\/types\/post"}],"author":[{"embeddable":true,"href":"https:\/\/aldeiaestreladamanha.com.br\/index.php\/wp-json\/wp\/v2\/users\/1"}],"replies":[{"embeddable":true,"href":"https:\/\/aldeiaestreladamanha.com.br\/index.php\/wp-json\/wp\/v2\/comments?post=1890"}],"version-history":[{"count":4,"href":"https:\/\/aldeiaestreladamanha.com.br\/index.php\/wp-json\/wp\/v2\/posts\/1890\/revisions"}],"predecessor-version":[{"id":1894,"href":"https:\/\/aldeiaestreladamanha.com.br\/index.php\/wp-json\/wp\/v2\/posts\/1890\/revisions\/1894"}],"wp:featuredmedia":[{"embeddable":true,"href":"https:\/\/aldeiaestreladamanha.com.br\/index.php\/wp-json\/wp\/v2\/media\/1896"}],"wp:attachment":[{"href":"https:\/\/aldeiaestreladamanha.com.br\/index.php\/wp-json\/wp\/v2\/media?parent=1890"}],"wp:term":[{"taxonomy":"category","embeddable":true,"href":"https:\/\/aldeiaestreladamanha.com.br\/index.php\/wp-json\/wp\/v2\/categories?post=1890"},{"taxonomy":"post_tag","embeddable":true,"href":"https:\/\/aldeiaestreladamanha.com.br\/index.php\/wp-json\/wp\/v2\/tags?post=1890"}],"curies":[{"name":"wp","href":"https:\/\/api.w.org\/{rel}","templated":true}]}}